{"id":12340,"date":"2025-10-03T08:32:24","date_gmt":"2025-10-03T05:32:24","guid":{"rendered":"https:\/\/visitoulu.fi\/?p=12340"},"modified":"2025-10-03T08:32:24","modified_gmt":"2025-10-03T05:32:24","slug":"come-with-your-group-to-oulu-in-2026-and-experience-the-culture-of-climate-change","status":"publish","type":"post","link":"http:\/\/visitoulufi-2025-10-14_10_27_17.test.cchosting.fi\/en\/come-with-your-group-to-oulu-in-2026-and-experience-the-culture-of-climate-change\/","title":{"rendered":"Take your group to Oulu in 2026 and experience cultural climate change"},"content":{"rendered":"<p>Oulu will be the European Capital of Culture in 2026, and the city invites tourists to experience art, events and the unique northern atmosphere all year round. Cultural climate change is reflected in the city's everyday life, celebrations and sense of community - and provides the perfect setting for group trips.<\/p>\n\n\n\n<p>Here are two different travel suggestions that will take you right into the heart of Oulu's cultural year - to the intense experiences of winter and the colourful festival atmosphere of summer.<\/p>\n\n\n\n<div class=\"wp-block-buttons is-content-justification-center is-layout-flex wp-container-core-buttons-is-layout-16018d1d wp-block-buttons-is-layout-flex\">\n<div class=\"wp-block-button\"><a class=\"wp-block-button__link has-pink-background-color has-background wp-element-button\" href=\"https:\/\/pohjolanmatka.fi\/ryhmamatkat\/ehdotuksia-ryhmamatkoiksi\/\" target=\"_blank\" rel=\"noreferrer noopener\"><strong><strong>Book a Nordic Journey group trip<\/strong><\/strong><\/a><\/div>\n<\/div>\n\n\n\n<p><\/p>","protected":false},"excerpt":{"rendered":"<p>Oulu on vuonna 2026 Euroopan kulttuurip\u00e4\u00e4kaupunki, ja kaupunki kutsuu matkailijoita kokemaan taidetta, tapahtumia ja pohjoisen ainutlaatuista tunnelmaa ymp\u00e4ri vuoden. Kulttuuri-ilmastonmuutos n\u00e4kyy kaupungin arjessa, juhlassa ja yhteis\u00f6llisyydess\u00e4 \u2013 ja tarjoaa t\u00e4ydelliset puitteet my\u00f6s ryhm\u00e4matkoille. T\u00e4ss\u00e4 kaksi erilaista matkaehdotusta, jotka viev\u00e4t keskelle Oulun kulttuurivuoden sykett\u00e4 \u2013 talven voimakkaisiin el\u00e4myksiin ja kes\u00e4n v\u00e4rikk\u00e4\u00e4seen festivaalitunnelmaan. [&#8230;]<\/p>\n<p><a class=\"btn btn-secondary understrap-read-more-link\" href=\"http:\/\/visitoulufi-2025-10-14_10_27_17.test.cchosting.fi\/en\/come-with-your-group-to-oulu-in-2026-and-experience-the-culture-of-climate-change\/\">Read More&#8230;<span class=\"screen-reader-text\"> from L\u00e4hde ryhm\u00e4si kanssa Ouluun vuonna 2026 ja koe kulttuuri-ilmastonmuutos<\/span><\/a><\/p>","protected":false},"author":32,"featured_media":12221,"comment_status":"closed","ping_status":"open","sticky":false,"template":"","format":"standard","meta":{"_acf_changed":false,"content-type":"","footnotes":""},"categories":[111],"tags":[],"coauthors":[195],"class_list":["post-12340","post","type-post","status-publish","format-standard","has-post-thumbnail","hentry","category-naekoe"],"acf":[],"yoast_head":"<!-- This site is optimized with the Yoast SEO plugin v26.0 - https:\/\/yoast.com\/wordpress\/plugins\/seo\/ -->\n<title>L\u00e4hde ryhm\u00e4si kanssa Ouluun vuonna 2026 ja koe kulttuuri-ilmastonmuutos - Visit Oulu<\/title>\n<meta name=\"robots\" content=\"index, follow, max-snippet:-1, max-image-preview:large, max-video-preview:-1\" \/>\n<link rel=\"canonical\" href=\"https:\/\/visitoulufi-2025-10-14_10_27_17.test.cchosting.fi\/en\/come-with-your-group-to-oulu-in-2026-and-experience-the-culture-of-climate-change\/\" \/>\n<meta property=\"og:locale\" content=\"en_US\" \/>\n<meta property=\"og:type\" content=\"article\" \/>\n<meta property=\"og:title\" content=\"L\u00e4hde ryhm\u00e4si kanssa Ouluun vuonna 2026 ja koe kulttuuri-ilmastonmuutos - Visit Oulu\" \/>\n<meta property=\"og:description\" content=\"Oulu on vuonna 2026 Euroopan kulttuurip\u00e4\u00e4kaupunki, ja kaupunki kutsuu matkailijoita kokemaan taidetta, tapahtumia ja pohjoisen ainutlaatuista tunnelmaa ymp\u00e4ri vuoden. Kulttuuri-ilmastonmuutos n\u00e4kyy kaupungin arjessa, juhlassa ja yhteis\u00f6llisyydess\u00e4 \u2013 ja tarjoaa t\u00e4ydelliset puitteet my\u00f6s ryhm\u00e4matkoille. T\u00e4ss\u00e4 kaksi erilaista matkaehdotusta, jotka viev\u00e4t keskelle Oulun kulttuurivuoden sykett\u00e4 \u2013 talven voimakkaisiin el\u00e4myksiin ja kes\u00e4n v\u00e4rikk\u00e4\u00e4seen festivaalitunnelmaan. [...]Read More... from L\u00e4hde ryhm\u00e4si kanssa Ouluun vuonna 2026 ja koe kulttuuri-ilmastonmuutos\" \/>\n<meta property=\"og:url\" content=\"https:\/\/visitoulufi-2025-10-14_10_27_17.test.cchosting.fi\/en\/come-with-your-group-to-oulu-in-2026-and-experience-the-culture-of-climate-change\/\" \/>\n<meta property=\"og:site_name\" content=\"Visit Oulu\" \/>\n<meta property=\"article:published_time\" content=\"2025-10-03T05:32:24+00:00\" \/>\n<meta property=\"og:image\" content=\"https:\/\/visitoulufi-2025-10-14_10_27_17.test.cchosting.fi\/wp-content\/uploads\/2025\/09\/kuva-@linnealaatikainen-40.jpg\" \/>\n\t<meta property=\"og:image:width\" content=\"1638\" \/>\n\t<meta property=\"og:image:height\" content=\"2048\" \/>\n\t<meta property=\"og:image:type\" content=\"image\/jpeg\" \/>\n<meta name=\"author\" content=\"Rosa Ruuskanen\" \/>\n<meta name=\"twitter:card\" content=\"summary_large_image\" \/>\n<meta name=\"twitter:label1\" content=\"Written by\" \/>\n\t<meta name=\"twitter:data1\" content=\"Rosa Ruuskanen\" \/>\n\t<meta name=\"twitter:label2\" content=\"Est. reading time\" \/>\n\t<meta name=\"twitter:data2\" content=\"3 minutes\" \/>\n<script type=\"application\/ld+json\" class=\"yoast-schema-graph\">{\"@context\":\"https:\/\/schema.org\",\"@graph\":[{\"@type\":\"WebPage\",\"@id\":\"https:\/\/visitoulufi-2025-10-14_10_27_17.test.cchosting.fi\/lahde-ryhmasi-kanssa-ouluun-vuonna-2026-ja-koe-kulttuuri-ilmastonmuutos\/\",\"url\":\"https:\/\/visitoulufi-2025-10-14_10_27_17.test.cchosting.fi\/lahde-ryhmasi-kanssa-ouluun-vuonna-2026-ja-koe-kulttuuri-ilmastonmuutos\/\",\"name\":\"L\u00e4hde ryhm\u00e4si kanssa Ouluun vuonna 2026 ja koe kulttuuri-ilmastonmuutos - Visit Oulu\",\"isPartOf\":{\"@id\":\"https:\/\/visitoulufi-2025-10-14_10_27_17.test.cchosting.fi\/#website\"},\"primaryImageOfPage\":{\"@id\":\"https:\/\/visitoulufi-2025-10-14_10_27_17.test.cchosting.fi\/lahde-ryhmasi-kanssa-ouluun-vuonna-2026-ja-koe-kulttuuri-ilmastonmuutos\/#primaryimage\"},\"image\":{\"@id\":\"https:\/\/visitoulufi-2025-10-14_10_27_17.test.cchosting.fi\/lahde-ryhmasi-kanssa-ouluun-vuonna-2026-ja-koe-kulttuuri-ilmastonmuutos\/#primaryimage\"},\"thumbnailUrl\":\"https:\/\/visitoulufi-2025-10-14_10_27_17.test.cchosting.fi\/wp-content\/uploads\/2025\/09\/kuva-@linnealaatikainen-40.jpg\",\"datePublished\":\"2025-10-03T05:32:24+00:00\",\"author\":{\"@id\":\"https:\/\/visitoulufi-2025-10-14_10_27_17.test.cchosting.fi\/#\/schema\/person\/b8e5a4a1f07dd73554ffbbe2b8e8dc58\"},\"breadcrumb\":{\"@id\":\"https:\/\/visitoulufi-2025-10-14_10_27_17.test.cchosting.fi\/lahde-ryhmasi-kanssa-ouluun-vuonna-2026-ja-koe-kulttuuri-ilmastonmuutos\/#breadcrumb\"},\"inLanguage\":\"en-US\",\"potentialAction\":[{\"@type\":\"ReadAction\",\"target\":[\"https:\/\/visitoulufi-2025-10-14_10_27_17.test.cchosting.fi\/lahde-ryhmasi-kanssa-ouluun-vuonna-2026-ja-koe-kulttuuri-ilmastonmuutos\/\"]}]},{\"@type\":\"ImageObject\",\"inLanguage\":\"en-US\",\"@id\":\"https:\/\/visitoulufi-2025-10-14_10_27_17.test.cchosting.fi\/lahde-ryhmasi-kanssa-ouluun-vuonna-2026-ja-koe-kulttuuri-ilmastonmuutos\/#primaryimage\",\"url\":\"https:\/\/visitoulufi-2025-10-14_10_27_17.test.cchosting.fi\/wp-content\/uploads\/2025\/09\/kuva-@linnealaatikainen-40.jpg\",\"contentUrl\":\"https:\/\/visitoulufi-2025-10-14_10_27_17.test.cchosting.fi\/wp-content\/uploads\/2025\/09\/kuva-@linnealaatikainen-40.jpg\",\"width\":1638,\"height\":2048},{\"@type\":\"BreadcrumbList\",\"@id\":\"https:\/\/visitoulufi-2025-10-14_10_27_17.test.cchosting.fi\/lahde-ryhmasi-kanssa-ouluun-vuonna-2026-ja-koe-kulttuuri-ilmastonmuutos\/#breadcrumb\",\"itemListElement\":[{\"@type\":\"ListItem\",\"position\":1,\"name\":\"Etusivu\",\"item\":\"https:\/\/visitoulufi-2025-10-14_10_27_17.test.cchosting.fi\/\"},{\"@type\":\"ListItem\",\"position\":2,\"name\":\"L\u00e4hde ryhm\u00e4si kanssa Ouluun vuonna 2026 ja koe kulttuuri-ilmastonmuutos\"}]},{\"@type\":\"WebSite\",\"@id\":\"https:\/\/visitoulufi-2025-10-14_10_27_17.test.cchosting.fi\/#website\",\"url\":\"https:\/\/visitoulufi-2025-10-14_10_27_17.test.cchosting.fi\/\",\"name\":\"Visit Oulu\",\"description\":\"\",\"potentialAction\":[{\"@type\":\"SearchAction\",\"target\":{\"@type\":\"EntryPoint\",\"urlTemplate\":\"https:\/\/visitoulufi-2025-10-14_10_27_17.test.cchosting.fi\/?s={search_term_string}\"},\"query-input\":{\"@type\":\"PropertyValueSpecification\",\"valueRequired\":true,\"valueName\":\"search_term_string\"}}],\"inLanguage\":\"en-US\"},{\"@type\":\"Person\",\"@id\":\"https:\/\/visitoulufi-2025-10-14_10_27_17.test.cchosting.fi\/#\/schema\/person\/b8e5a4a1f07dd73554ffbbe2b8e8dc58\",\"name\":\"Rosa Ruuskanen\",\"image\":{\"@type\":\"ImageObject\",\"inLanguage\":\"en-US\",\"@id\":\"https:\/\/visitoulufi-2025-10-14_10_27_17.test.cchosting.fi\/#\/schema\/person\/image\/c5227ba7c3f401aa50ca43e56399553f\",\"url\":\"https:\/\/secure.gravatar.com\/avatar\/ccc3f3faaf914d7086285c9a5914ab5034c81ccd25f3274a6f036ce798271ae7?s=96&d=mm&r=g\",\"contentUrl\":\"https:\/\/secure.gravatar.com\/avatar\/ccc3f3faaf914d7086285c9a5914ab5034c81ccd25f3274a6f036ce798271ae7?s=96&d=mm&r=g\",\"caption\":\"Rosa Ruuskanen\"},\"url\":\"http:\/\/visitoulufi-2025-10-14_10_27_17.test.cchosting.fi\/en\/author\/rosavisitoulu-fi\/\"}]}<\/script>\n<!-- \/ Yoast SEO plugin. -->","yoast_head_json":{"title":"Take your group to Oulu in 2026 and experience cultural climate change - Visit Oulu","robots":{"index":"index","follow":"follow","max-snippet":"max-snippet:-1","max-image-preview":"max-image-preview:large","max-video-preview":"max-video-preview:-1"},"canonical":"https:\/\/visitoulufi-2025-10-14_10_27_17.test.cchosting.fi\/en\/come-with-your-group-to-oulu-in-2026-and-experience-the-culture-of-climate-change\/","og_locale":"en_US","og_type":"article","og_title":"L\u00e4hde ryhm\u00e4si kanssa Ouluun vuonna 2026 ja koe kulttuuri-ilmastonmuutos - Visit Oulu","og_description":"Oulu on vuonna 2026 Euroopan kulttuurip\u00e4\u00e4kaupunki, ja kaupunki kutsuu matkailijoita kokemaan taidetta, tapahtumia ja pohjoisen ainutlaatuista tunnelmaa ymp\u00e4ri vuoden. Kulttuuri-ilmastonmuutos n\u00e4kyy kaupungin arjessa, juhlassa ja yhteis\u00f6llisyydess\u00e4 \u2013 ja tarjoaa t\u00e4ydelliset puitteet my\u00f6s ryhm\u00e4matkoille. T\u00e4ss\u00e4 kaksi erilaista matkaehdotusta, jotka viev\u00e4t keskelle Oulun kulttuurivuoden sykett\u00e4 \u2013 talven voimakkaisiin el\u00e4myksiin ja kes\u00e4n v\u00e4rikk\u00e4\u00e4seen festivaalitunnelmaan. [...]Read More... from L\u00e4hde ryhm\u00e4si kanssa Ouluun vuonna 2026 ja koe kulttuuri-ilmastonmuutos","og_url":"https:\/\/visitoulufi-2025-10-14_10_27_17.test.cchosting.fi\/en\/come-with-your-group-to-oulu-in-2026-and-experience-the-culture-of-climate-change\/","og_site_name":"Visit Oulu","article_published_time":"2025-10-03T05:32:24+00:00","og_image":[{"width":1638,"height":2048,"url":"https:\/\/visitoulufi-2025-10-14_10_27_17.test.cchosting.fi\/wp-content\/uploads\/2025\/09\/kuva-@linnealaatikainen-40.jpg","type":"image\/jpeg"}],"author":"Rosa Ruuskanen","twitter_card":"summary_large_image","twitter_misc":{"Written by":"Rosa Ruuskanen","Est. reading time":"3 minutes"},"schema":{"@context":"https:\/\/schema.org","@graph":[{"@type":"WebPage","@id":"https:\/\/visitoulufi-2025-10-14_10_27_17.test.cchosting.fi\/lahde-ryhmasi-kanssa-ouluun-vuonna-2026-ja-koe-kulttuuri-ilmastonmuutos\/","url":"https:\/\/visitoulufi-2025-10-14_10_27_17.test.cchosting.fi\/lahde-ryhmasi-kanssa-ouluun-vuonna-2026-ja-koe-kulttuuri-ilmastonmuutos\/","name":"Take your group to Oulu in 2026 and experience cultural climate change - Visit Oulu","isPartOf":{"@id":"https:\/\/visitoulufi-2025-10-14_10_27_17.test.cchosting.fi\/#website"},"primaryImageOfPage":{"@id":"https:\/\/visitoulufi-2025-10-14_10_27_17.test.cchosting.fi\/lahde-ryhmasi-kanssa-ouluun-vuonna-2026-ja-koe-kulttuuri-ilmastonmuutos\/#primaryimage"},"image":{"@id":"https:\/\/visitoulufi-2025-10-14_10_27_17.test.cchosting.fi\/lahde-ryhmasi-kanssa-ouluun-vuonna-2026-ja-koe-kulttuuri-ilmastonmuutos\/#primaryimage"},"thumbnailUrl":"https:\/\/visitoulufi-2025-10-14_10_27_17.test.cchosting.fi\/wp-content\/uploads\/2025\/09\/kuva-@linnealaatikainen-40.jpg","datePublished":"2025-10-03T05:32:24+00:00","author":{"@id":"https:\/\/visitoulufi-2025-10-14_10_27_17.test.cchosting.fi\/#\/schema\/person\/b8e5a4a1f07dd73554ffbbe2b8e8dc58"},"breadcrumb":{"@id":"https:\/\/visitoulufi-2025-10-14_10_27_17.test.cchosting.fi\/lahde-ryhmasi-kanssa-ouluun-vuonna-2026-ja-koe-kulttuuri-ilmastonmuutos\/#breadcrumb"},"inLanguage":"en-US","potentialAction":[{"@type":"ReadAction","target":["https:\/\/visitoulufi-2025-10-14_10_27_17.test.cchosting.fi\/lahde-ryhmasi-kanssa-ouluun-vuonna-2026-ja-koe-kulttuuri-ilmastonmuutos\/"]}]},{"@type":"ImageObject","inLanguage":"en-US","@id":"https:\/\/visitoulufi-2025-10-14_10_27_17.test.cchosting.fi\/lahde-ryhmasi-kanssa-ouluun-vuonna-2026-ja-koe-kulttuuri-ilmastonmuutos\/#primaryimage","url":"https:\/\/visitoulufi-2025-10-14_10_27_17.test.cchosting.fi\/wp-content\/uploads\/2025\/09\/kuva-@linnealaatikainen-40.jpg","contentUrl":"https:\/\/visitoulufi-2025-10-14_10_27_17.test.cchosting.fi\/wp-content\/uploads\/2025\/09\/kuva-@linnealaatikainen-40.jpg","width":1638,"height":2048},{"@type":"BreadcrumbList","@id":"https:\/\/visitoulufi-2025-10-14_10_27_17.test.cchosting.fi\/lahde-ryhmasi-kanssa-ouluun-vuonna-2026-ja-koe-kulttuuri-ilmastonmuutos\/#breadcrumb","itemListElement":[{"@type":"ListItem","position":1,"name":"Etusivu","item":"https:\/\/visitoulufi-2025-10-14_10_27_17.test.cchosting.fi\/"},{"@type":"ListItem","position":2,"name":"L\u00e4hde ryhm\u00e4si kanssa Ouluun vuonna 2026 ja koe kulttuuri-ilmastonmuutos"}]},{"@type":"WebSite","@id":"https:\/\/visitoulufi-2025-10-14_10_27_17.test.cchosting.fi\/#website","url":"https:\/\/visitoulufi-2025-10-14_10_27_17.test.cchosting.fi\/","name":"Visit Oulu","description":"","potentialAction":[{"@type":"SearchAction","target":{"@type":"EntryPoint","urlTemplate":"https:\/\/visitoulufi-2025-10-14_10_27_17.test.cchosting.fi\/?s={search_term_string}"},"query-input":{"@type":"PropertyValueSpecification","valueRequired":true,"valueName":"search_term_string"}}],"inLanguage":"en-US"},{"@type":"Person","@id":"https:\/\/visitoulufi-2025-10-14_10_27_17.test.cchosting.fi\/#\/schema\/person\/b8e5a4a1f07dd73554ffbbe2b8e8dc58","name":"Rosa Ruuskanen","image":{"@type":"ImageObject","inLanguage":"en-US","@id":"https:\/\/visitoulufi-2025-10-14_10_27_17.test.cchosting.fi\/#\/schema\/person\/image\/c5227ba7c3f401aa50ca43e56399553f","url":"https:\/\/secure.gravatar.com\/avatar\/ccc3f3faaf914d7086285c9a5914ab5034c81ccd25f3274a6f036ce798271ae7?s=96&d=mm&r=g","contentUrl":"https:\/\/secure.gravatar.com\/avatar\/ccc3f3faaf914d7086285c9a5914ab5034c81ccd25f3274a6f036ce798271ae7?s=96&d=mm&r=g","caption":"Rosa Ruuskanen"},"url":"http:\/\/visitoulufi-2025-10-14_10_27_17.test.cchosting.fi\/en\/author\/rosavisitoulu-fi\/"}]}},"_links":{"self":[{"href":"http:\/\/visitoulufi-2025-10-14_10_27_17.test.cchosting.fi\/en\/wp-json\/wp\/v2\/posts\/12340","targetHints":{"allow":["GET"]}}],"collection":[{"href":"http:\/\/visitoulufi-2025-10-14_10_27_17.test.cchosting.fi\/en\/wp-json\/wp\/v2\/posts"}],"about":[{"href":"http:\/\/visitoulufi-2025-10-14_10_27_17.test.cchosting.fi\/en\/wp-json\/wp\/v2\/types\/post"}],"author":[{"embeddable":true,"href":"http:\/\/visitoulufi-2025-10-14_10_27_17.test.cchosting.fi\/en\/wp-json\/wp\/v2\/users\/32"}],"replies":[{"embeddable":true,"href":"http:\/\/visitoulufi-2025-10-14_10_27_17.test.cchosting.fi\/en\/wp-json\/wp\/v2\/comments?post=12340"}],"version-history":[{"count":19,"href":"http:\/\/visitoulufi-2025-10-14_10_27_17.test.cchosting.fi\/en\/wp-json\/wp\/v2\/posts\/12340\/revisions"}],"predecessor-version":[{"id":12660,"href":"http:\/\/visitoulufi-2025-10-14_10_27_17.test.cchosting.fi\/en\/wp-json\/wp\/v2\/posts\/12340\/revisions\/12660"}],"wp:featuredmedia":[{"embeddable":true,"href":"http:\/\/visitoulufi-2025-10-14_10_27_17.test.cchosting.fi\/en\/wp-json\/wp\/v2\/media\/12221"}],"wp:attachment":[{"href":"http:\/\/visitoulufi-2025-10-14_10_27_17.test.cchosting.fi\/en\/wp-json\/wp\/v2\/media?parent=12340"}],"wp:term":[{"taxonomy":"category","embeddable":true,"href":"http:\/\/visitoulufi-2025-10-14_10_27_17.test.cchosting.fi\/en\/wp-json\/wp\/v2\/categories?post=12340"},{"taxonomy":"post_tag","embeddable":true,"href":"http:\/\/visitoulufi-2025-10-14_10_27_17.test.cchosting.fi\/en\/wp-json\/wp\/v2\/tags?post=12340"},{"taxonomy":"author","embeddable":true,"href":"http:\/\/visitoulufi-2025-10-14_10_27_17.test.cchosting.fi\/en\/wp-json\/wp\/v2\/coauthors?post=12340"}],"curies":[{"name":"wp","href":"https:\/\/api.w.org\/{rel}","templated":true}]}}